{"id":4058,"date":"2014-08-04T18:52:55","date_gmt":"2014-08-04T22:52:55","guid":{"rendered":"http:\/\/industrialchile.cl\/web\/?p=4058"},"modified":"2015-01-12T19:27:33","modified_gmt":"2015-01-12T22:27:33","slug":"no-hay-temas-vetados-en-las-conversaciones-por-la-reforma-laboral","status":"publish","type":"post","link":"https:\/\/industrialchile.cl\/cl\/no-hay-temas-vetados-en-las-conversaciones-por-la-reforma-laboral\/","title":{"rendered":"No hay temas vetados en las conversaciones por la Reforma Laboral"},"content":{"rendered":"<p>El presidente da Industrial Chile (Constramet) Horacio Fuentes, emplazo esta tarde al titular de los empresarios Andr\u00e9s Santa Cruz, a no tenerle miedo a los cambios que necesitan los trabajadores.<\/p>\n<p>El presidente de la colectividad llamo al m\u00e1ximo dirigente de los empresarios, Andr\u00e9s Santa Cruz, a no tenerle miedo a generar los cambios que requieren los trabajadores, \u201clas conversaciones para la Reforma Laboral deben ser con todos los sectores, pero sin vetar ning\u00fan tema de inter\u00e9s para los trabajadores, puntualizo el dirigente en respuesta las declaraciones del titulas de los empresarios.<\/p>\n<p>Seg\u00fan Fuentes, Santa Cruz \u201cest\u00e1 viendo la realidad parcelada\u201d, \u201cla regla en Chile es que no se puede negociar, porque en los hechos existe el reemplazo en huelga, cuando los trabajadores logran paralizar la productividad es el \u00fanico momento donde se puede avanzar, Santa Cruz se\u00f1ala como ejemplo lo ocurrido con los trabajadores portuarios, pero se olvida de lo de fondo, que es la negativa empresarial a acceder a un reajuste b\u00e1sico como la colaci\u00f3n y el derecho a tener un tiempo digno para almorzar\u201d, se\u00f1alo Horacio Fuentes en respuesta a la entrevista publicada por PULSO, en relaci\u00f3n al fin de reemplazo en huelga y la titularidad sindical.<\/p>\n<p>Contario a los postulados de Santa Cruz el presidente de los industriales chilenos se\u00f1alo que la titularidad sindical y el fin del reemplazo en huelga son prioritarios para la discusi\u00f3n.<\/p>\n<p>Finalmente Fuentes le quito el piso al llamado Acuerdo de Voluntades CPC- CUT, tomado como ejemplo por Santa Cruz para avanzar en algunas materias, dado que dicho acuerdo no cuenta con piso pol\u00edtico sindical. El Acuerdo de Voluntades fue destruido p\u00fablicamente y frente a las c\u00e1maras por el ex presidente de la CUT Arturo Mart\u00ednez, en una clara se\u00f1al de rechazo al intento, por parte de algunos sectores empresariales, de sacar ventajas en materias que no estaban en la agenda laboral del gobierno.<\/p>\n","protected":false},"excerpt":{"rendered":"<p>El presidente da Industrial Chile (Constramet) Horacio Fuentes, emplazo esta tarde al titular de los empresarios Andr\u00e9s Santa Cruz, a no tenerle miedo a los cambios que necesitan los trabajadores. El presidente de la colectividad llamo al m\u00e1ximo dirigente de los empresarios, Andr\u00e9s Santa Cruz, a no tenerle miedo a generar los cambios que requieren &hellip;<\/p>\n","protected":false},"author":1,"featured_media":4473,"comment_status":"closed","ping_status":"open","sticky":false,"template":"","format":"standard","meta":{"footnotes":""},"categories":[175,169,1],"tags":[],"class_list":["post-4058","post","type-post","status-publish","format-standard","has-post-thumbnail","","category-contenidos","category-convenios","category-noticias"],"_links":{"self":[{"href":"https:\/\/industrialchile.cl\/cl\/wp-json\/wp\/v2\/posts\/4058","targetHints":{"allow":["GET"]}}],"collection":[{"href":"https:\/\/industrialchile.cl\/cl\/wp-json\/wp\/v2\/posts"}],"about":[{"href":"https:\/\/industrialchile.cl\/cl\/wp-json\/wp\/v2\/types\/post"}],"author":[{"embeddable":true,"href":"https:\/\/industrialchile.cl\/cl\/wp-json\/wp\/v2\/users\/1"}],"replies":[{"embeddable":true,"href":"https:\/\/industrialchile.cl\/cl\/wp-json\/wp\/v2\/comments?post=4058"}],"version-history":[{"count":3,"href":"https:\/\/industrialchile.cl\/cl\/wp-json\/wp\/v2\/posts\/4058\/revisions"}],"predecessor-version":[{"id":4474,"href":"https:\/\/industrialchile.cl\/cl\/wp-json\/wp\/v2\/posts\/4058\/revisions\/4474"}],"wp:featuredmedia":[{"embeddable":true,"href":"https:\/\/industrialchile.cl\/cl\/wp-json\/wp\/v2\/media\/4473"}],"wp:attachment":[{"href":"https:\/\/industrialchile.cl\/cl\/wp-json\/wp\/v2\/media?parent=4058"}],"wp:term":[{"taxonomy":"category","embeddable":true,"href":"https:\/\/industrialchile.cl\/cl\/wp-json\/wp\/v2\/categories?post=4058"},{"taxonomy":"post_tag","embeddable":true,"href":"https:\/\/industrialchile.cl\/cl\/wp-json\/wp\/v2\/tags?post=4058"}],"curies":[{"name":"wp","href":"https:\/\/api.w.org\/{rel}","templated":true}]}}