{"id":3946,"date":"2014-06-27T22:37:56","date_gmt":"2014-06-28T02:37:56","guid":{"rendered":"http:\/\/industrialchile.cl\/web\/?p=3946"},"modified":"2015-01-12T20:33:37","modified_gmt":"2015-01-12T23:33:37","slug":"fallecimiento-del-companero-marco-antonio-cuadra-sindicato-n-2-red-bus","status":"publish","type":"post","link":"https:\/\/industrialchile.cl\/cl\/fallecimiento-del-companero-marco-antonio-cuadra-sindicato-n-2-red-bus\/","title":{"rendered":"Declaracion P\u00fablica por el Fallecimiento del compa\u00f1ero Marco Antonio Cuadra, sindicato n\u00b0 2 Red Bus"},"content":{"rendered":"<p>La<strong> Confederaci\u00f3n de Trabajadores Metal\u00fargicos Constramet (Industrial Chile)<\/strong>, lamenta el fallecimiento del compa\u00f1ero <strong>Marco Antonio Cuadra<\/strong>, tras largos d\u00edas de agon\u00eda luego que se inmolara el pasado 2 de Junio en un terminal de la empresa <strong>RedBus<\/strong>, operadora del <strong>Transantiago<\/strong>, en <strong>Huechuraba<\/strong>.<\/p>\n<p>Ese fat\u00eddico d\u00eda, cerca de las 7 de la ma\u00f1ana <strong>Marco<\/strong> tom\u00f3 un bid\u00f3n, se roci\u00f3 bencina y se prendi\u00f3 fuego. Los trabajadores que se encontraban en el lugar corrieron a tratar de apagar con extintores y unas chaquetas las llamas que cubr\u00edan su cuerpo. Marco qued\u00f3 gravemente quemado\u2026 y vivo.<\/p>\n<p>El compa\u00f1ero de <strong>48 a\u00f1os<\/strong> era el presidente del <strong>Sindicato N\u00ba 2<\/strong> y ha pesar de su fuero sindical de igual modo fue despedido y notificado por alto parlantes, seg\u00fan se\u00f1alo su esposa.<br \/>\nLas \u00faltimas palabras de <strong>Marco Cuadra<\/strong> tras quemarse a lo bonzo a sus compa\u00f1eros fueron:<\/p>\n<h3><strong>\u00abPor nuestros compa\u00f1eros\u2026 como abusan, no nos pagan la quincena, nos echan a los sindicalistas y a quienes reclaman\u2026 Hasta cuando\u2026 compa\u00f1eros\u00bb<\/strong><\/h3>\n<p>Como trabajadores y compa\u00f1eros saludamos a su familia en este terrible momento que los aqueja.<\/p>\n<p>Pero no podemos dejar de emplazar a las autoridades de gobierno y exigir justicia y plena reparaci\u00f3n a su familia, necesitamos que hoy se respeten los derechos sindicales, el derecho a huelga, a una verdadera negociaci\u00f3n colectiva, a terminar con el reemplazo en huelga y una nueva institucionalidad laboral.<\/p>\n<p>&nbsp;<\/p>\n<p><a href=\"http:\/\/industrialchile.cl\/cl\/wp-content\/uploads\/2014\/06\/dp_marcoantoniocuadra.pdf\"><img loading=\"lazy\" decoding=\"async\" class=\"aligncenter size-full wp-image-3403\" src=\"http:\/\/industrialchile.cl\/cl\/wp-content\/uploads\/2014\/04\/descargar.png\" alt=\"\" width=\"210\" height=\"50\" \/><\/a><\/p>\n","protected":false},"excerpt":{"rendered":"<p>La Confederaci\u00f3n de Trabajadores Metal\u00fargicos Constramet (Industrial Chile), lamenta el fallecimiento del compa\u00f1ero Marco Antonio Cuadra, tras largos d\u00edas de agon\u00eda luego que se inmolara el pasado 2 de Junio en un terminal de la empresa RedBus, operadora del Transantiago, en Huechuraba. Ese fat\u00eddico d\u00eda, cerca de las 7 de la ma\u00f1ana Marco tom\u00f3 un &hellip;<\/p>\n","protected":false},"author":1,"featured_media":4493,"comment_status":"closed","ping_status":"open","sticky":false,"template":"","format":"standard","meta":{"footnotes":""},"categories":[1],"tags":[],"class_list":["post-3946","post","type-post","status-publish","format-standard","has-post-thumbnail","","category-noticias"],"_links":{"self":[{"href":"https:\/\/industrialchile.cl\/cl\/wp-json\/wp\/v2\/posts\/3946","targetHints":{"allow":["GET"]}}],"collection":[{"href":"https:\/\/industrialchile.cl\/cl\/wp-json\/wp\/v2\/posts"}],"about":[{"href":"https:\/\/industrialchile.cl\/cl\/wp-json\/wp\/v2\/types\/post"}],"author":[{"embeddable":true,"href":"https:\/\/industrialchile.cl\/cl\/wp-json\/wp\/v2\/users\/1"}],"replies":[{"embeddable":true,"href":"https:\/\/industrialchile.cl\/cl\/wp-json\/wp\/v2\/comments?post=3946"}],"version-history":[{"count":7,"href":"https:\/\/industrialchile.cl\/cl\/wp-json\/wp\/v2\/posts\/3946\/revisions"}],"predecessor-version":[{"id":4495,"href":"https:\/\/industrialchile.cl\/cl\/wp-json\/wp\/v2\/posts\/3946\/revisions\/4495"}],"wp:featuredmedia":[{"embeddable":true,"href":"https:\/\/industrialchile.cl\/cl\/wp-json\/wp\/v2\/media\/4493"}],"wp:attachment":[{"href":"https:\/\/industrialchile.cl\/cl\/wp-json\/wp\/v2\/media?parent=3946"}],"wp:term":[{"taxonomy":"category","embeddable":true,"href":"https:\/\/industrialchile.cl\/cl\/wp-json\/wp\/v2\/categories?post=3946"},{"taxonomy":"post_tag","embeddable":true,"href":"https:\/\/industrialchile.cl\/cl\/wp-json\/wp\/v2\/tags?post=3946"}],"curies":[{"name":"wp","href":"https:\/\/api.w.org\/{rel}","templated":true}]}}