{"id":3934,"date":"2014-06-24T19:32:00","date_gmt":"2014-06-24T23:32:00","guid":{"rendered":"http:\/\/industrialchile.cl\/web\/?p=3934"},"modified":"2015-01-12T20:54:52","modified_gmt":"2015-01-12T23:54:53","slug":"manifestacion_no_mas_afp","status":"publish","type":"post","link":"https:\/\/industrialchile.cl\/cl\/manifestacion_no_mas_afp\/","title":{"rendered":"Manifestaci\u00f3n No M\u00e1s AFPs"},"content":{"rendered":"<p style=\"text-align: center;\">\n<p>A: Compa\u00f1eros y Compa\u00f1eras<br \/>\nDirigentes Sindicales<br \/>\nPRESENTE\/<\/p>\n<p>Estimados Compa\u00f1eros:<\/p>\n<p>El Directorio del <strong>Sindicato Nacional de la Industrial Chile \u201cConstramet\u201d<\/strong> saluda cordialmente a ustedes y a trav\u00e9s de la presente convocamos a todos los trabajadores a participar activamente en la <strong>Manifestaci\u00f3n No M\u00e1s AFPs<\/strong>.<\/p>\n<p>Nos juntamos el<strong> jueves 26 de junio a las 10:00 horas en Constramet, Santa Rosa 101 \u2013 Santiago<\/strong>, para participar en una actividad que se realizara en la estaci\u00f3n los H\u00e9roes del Metro.<\/p>\n<p>Esperando contar con vuestra participaci\u00f3n y apoyo, las saluda atentamente.<\/p>\n<h3 style=\"text-align: center;\">Organizaci\u00f3n, Unidad y Lucha Para Vencer<\/h3>\n<p>P\/ Directorio del Sindicato Nacional de la Industrial Chile Constramet<\/p>\n<p><strong>HORACIO FUENTES GONZ\u00c1LEZ<\/strong><br \/>\nPresidente Nacional<\/p>\n<p><strong>ROBERTO BUSTAMANTE ROJAS<\/strong><br \/>\nSecretario General<\/p>\n","protected":false},"excerpt":{"rendered":"<p>A: Compa\u00f1eros y Compa\u00f1eras Dirigentes Sindicales PRESENTE\/ Estimados Compa\u00f1eros: El Directorio del Sindicato Nacional de la Industrial Chile \u201cConstramet\u201d saluda cordialmente a ustedes y a trav\u00e9s de la presente convocamos a todos los trabajadores a participar activamente en la Manifestaci\u00f3n No M\u00e1s AFPs. Nos juntamos el jueves 26 de junio a las 10:00 horas en &hellip;<\/p>\n","protected":false},"author":1,"featured_media":4497,"comment_status":"closed","ping_status":"open","sticky":false,"template":"","format":"standard","meta":{"footnotes":""},"categories":[165,1],"tags":[],"class_list":["post-3934","post","type-post","status-publish","format-standard","has-post-thumbnail","","category-afp-2","category-noticias"],"_links":{"self":[{"href":"https:\/\/industrialchile.cl\/cl\/wp-json\/wp\/v2\/posts\/3934","targetHints":{"allow":["GET"]}}],"collection":[{"href":"https:\/\/industrialchile.cl\/cl\/wp-json\/wp\/v2\/posts"}],"about":[{"href":"https:\/\/industrialchile.cl\/cl\/wp-json\/wp\/v2\/types\/post"}],"author":[{"embeddable":true,"href":"https:\/\/industrialchile.cl\/cl\/wp-json\/wp\/v2\/users\/1"}],"replies":[{"embeddable":true,"href":"https:\/\/industrialchile.cl\/cl\/wp-json\/wp\/v2\/comments?post=3934"}],"version-history":[{"count":4,"href":"https:\/\/industrialchile.cl\/cl\/wp-json\/wp\/v2\/posts\/3934\/revisions"}],"predecessor-version":[{"id":4498,"href":"https:\/\/industrialchile.cl\/cl\/wp-json\/wp\/v2\/posts\/3934\/revisions\/4498"}],"wp:featuredmedia":[{"embeddable":true,"href":"https:\/\/industrialchile.cl\/cl\/wp-json\/wp\/v2\/media\/4497"}],"wp:attachment":[{"href":"https:\/\/industrialchile.cl\/cl\/wp-json\/wp\/v2\/media?parent=3934"}],"wp:term":[{"taxonomy":"category","embeddable":true,"href":"https:\/\/industrialchile.cl\/cl\/wp-json\/wp\/v2\/categories?post=3934"},{"taxonomy":"post_tag","embeddable":true,"href":"https:\/\/industrialchile.cl\/cl\/wp-json\/wp\/v2\/tags?post=3934"}],"curies":[{"name":"wp","href":"https:\/\/api.w.org\/{rel}","templated":true}]}}